{"id":815,"date":"2013-10-25T10:33:09","date_gmt":"2013-10-25T10:33:09","guid":{"rendered":"https:\/\/duplakovacs.hu\/?p=815"},"modified":"2014-01-31T16:26:59","modified_gmt":"2014-01-31T16:26:59","slug":"szent-anna-szekesegyhaz-keritese","status":"publish","type":"post","link":"https:\/\/duplakovacs.hu\/?p=815","title":{"rendered":"A Belv\u00e1rosi Szent Anna Templom ker\u00edt\u00e9se"},"content":{"rendered":"<p style=\"text-align: justify;\"><span style=\"color: #000000;\">Nagy kih\u00edv\u00e1s volt munka, mert kellett megfelelni anyagi, korh\u0171s\u00e9g \u00e9s az ar\u00e1nyoss\u00e1g vonatkoz\u00e1sban.\u00a0<\/span><span style=\"color: #000000;\">A mai Szervita t\u00e9r d\u00e9li oldal\u00e1n a f\u0151v\u00e1ros t\u00f6r\u00f6kt\u0151l val\u00f3 felszabad\u00edt\u00e1sa ut\u00e1n, 1689-ben telepedett meg a szervita rend, akik a n\u00e9gy pesti mecset legnagyobbik\u00e1t, a B\u00fcj\u00fck-dzs\u00e1mit kezdik haszn\u00e1lni. A rend 1717-ben kezdte \u00faj templom\u00e1nak, 1725-ben kolostor\u00e1nak \u00e9p\u00edt\u00e9s\u00e9t. 1726-ban megvett\u00e9k Liegler P\u00e9ter kov\u00e1csmestert\u0151l a 11-es sz\u00e1m\u00fa h\u00e1zhelyet, azaz a mai teret. Az ad\u00e1sv\u00e9telt a v\u00e1ros azzal a kit\u00e9tellel hagyta j\u00f3v\u00e1, hogy a telek \u00f6r\u00f6k id\u0151kre a rend tulajdon\u00e1ban marad, de azon nem \u00e9p\u00edtkezhetnek,<\/span><\/p>\n<p style=\"text-align: justify;\"><span style=\"color: #000000;\"><!--more--> csak vall\u00e1sos eml\u00e9km\u0171vet emelhetnek. \u00cdgy is t\u00f6rt\u00e9nt: 1729-ben fel\u00e1ll\u00edtott\u00e1k a barokk M\u00e1ria-oszlopot a templom homlokzata el\u0151tt.<\/span><span style=\"color: #000000;\">Az \u00e9p\u00edtkez\u00e9seket az eredeti tervez\u0151, H\u00f6lbling J\u00e1nos hal\u00e1l\u00e1t k\u00f6vet\u0151en az \u00e9p\u00edt\u00e9svezet\u0151 Pauer J\u00e1nos Gy\u00f6rgy fejezte be 1732-re; a templomhoz csatlakoz\u00f3 k\u00e9tszintes, z\u00e1rt udvart k\u00f6r\u00fclvev\u0151 kolostor\u00e9p\u00fclet csak 1772-re k\u00e9sz\u00fclt el. A templom eredetileg egyszer\u0171, pilaszterekkel tagolt, k\u00e9tszintes barokk homlokzatot \u00e9s egyszintes, hagymasisakos tornyot kapott; a kolostor egyszer\u0171, kiss\u00e9 h\u00e1tr\u00e9bb h\u00fazott homlokzat\u00e1t csak a szobord\u00edszes, k\u00f6zvetlen\u00fcl a templom mellett ny\u00edl\u00f3 kapu tett v\u00e1ltozatosabb\u00e1.<\/span><span style=\"color: #000000;\">A templom \u00e9s a kolostor 1849 m\u00e1jus\u00e1ban, Pest Heinrich Hentzi \u00e1ltali bomb\u00e1z\u00e1s\u00e1ban s\u00falyos s\u00e9r\u00fcl\u00e9seket szenvedett. A kolostort teljesen \u00fajj\u00e1\u00e9p\u00edtett\u00e9k 1871-74 k\u00f6z\u00f6tt Diescher J\u00f3zsef vezet\u00e9s\u00e9vel, aki egy vonalba hozta a homlokzatot a templom\u00e9val, \u00e9s a k\u00e9t \u00e9p\u00fcletnek k\u00f6z\u00f6s homlokzatot kompon\u00e1lt. A kolostor homlokzata egy h\u00e1romtengelyes \u00f6sszek\u00f6t\u0151 szakasz k\u00f6zbeiktat\u00e1s\u00e1val megism\u00e9telte a templom\u00e9t, ugyanolyan p\u00e1rk\u00e1nyos lez\u00e1r\u00e1ssal.<\/span><span style=\"color: #000000;\">A m\u00e1sodik vil\u00e1gh\u00e1bor\u00fat k\u00f6vet\u0151en a kolostort el\u0151sz\u00f6r a f\u00f6ldszintig, majd teljesen elbontott\u00e1k. Felmer\u00fclt a homlokzat barokk \u00e1llapot\u00e1nak helyre\u00e1ll\u00edt\u00e1sa, de ez v\u00e9g\u00fcl nem t\u00f6rt\u00e9nt meg, csak az oldalhomlokzatokon, kibontva a lant alak\u00fa, k\u00fcl\u00f6nleges ablakokat. A templom homlokzat\u00e1t 1970-77 k\u00f6z\u00f6tt helyre\u00e1ll\u00edtott\u00e1k, elbontva a V\u00e1rosh\u00e1za utcai oldalhoz csatlakoz\u00f3, k\u00e9tszintes, a h\u00e1bor\u00faban megs\u00e9r\u00fclt \u00fczletsort. 1976-ra az egykori kolostor hely\u00e9re, a templomot L alakban k\u00f6r\u00fcl\u00f6lelve fel\u00e9p\u00fclt a Belv\u00e1rosi T\u00e1vbesz\u00e9l\u0151 K\u00f6zpont \u00e9p\u00fclete, Jeney Lajos \u00e9s B\u00e1n Ferenc (BVTV) tervei alapj\u00e1n. (Forr\u00e1s: Wikipedia)<\/span><\/p>\n<p><span style=\"color: #000000;\">\u00a0<\/span>\n\t\t<style type=\"text\/css\">\n\t\t\t#gallery-1 {\n\t\t\t\tmargin: auto;\n\t\t\t}\n\t\t\t#gallery-1 .gallery-item {\n\t\t\t\tfloat: left;\n\t\t\t\tmargin-top: 10px;\n\t\t\t\ttext-align: center;\n\t\t\t\twidth: 33%;\n\t\t\t}\n\t\t\t#gallery-1 img {\n\t\t\t\tborder: 2px solid #cfcfcf;\n\t\t\t}\n\t\t\t#gallery-1 .gallery-caption {\n\t\t\t\tmargin-left: 0;\n\t\t\t}\n\t\t\t\/* see gallery_shortcode() in wp-includes\/media.php *\/\n\t\t<\/style>\n\t\t<div id='gallery-1' class='gallery galleryid-815 gallery-columns-3 gallery-size-thumbnail'><dl class='gallery-item'>\n\t\t\t<dt class='gallery-icon landscape'>\n\t\t\t\t<a href='https:\/\/duplakovacs.hu\/?attachment_id=1258'><img loading=\"lazy\" decoding=\"async\" width=\"150\" height=\"150\" src=\"https:\/\/duplakovacs.hu\/wp-content\/uploads\/2013\/10\/IMG_00812-150x150.jpg\" class=\"attachment-thumbnail size-thumbnail\" alt=\"\" aria-describedby=\"gallery-1-1258\" srcset=\"https:\/\/duplakovacs.hu\/wp-content\/uploads\/2013\/10\/IMG_00812-150x150.jpg 150w, https:\/\/duplakovacs.hu\/wp-content\/uploads\/2013\/10\/IMG_00812-213x213.jpg 213w, https:\/\/duplakovacs.hu\/wp-content\/uploads\/2013\/10\/IMG_00812-212x213.jpg 212w, https:\/\/duplakovacs.hu\/wp-content\/uploads\/2013\/10\/IMG_00812-184x184.jpg 184w\" sizes=\"auto, (max-width: 150px) 100vw, 150px\" \/><\/a>\n\t\t\t<\/dt>\n\t\t\t\t<dd class='wp-caption-text gallery-caption' id='gallery-1-1258'>\n\t\t\t\tOldalbej\u00e1r\u00f3k a sekresty\u00e9hez\n\t\t\t\t<\/dd><\/dl><dl class='gallery-item'>\n\t\t\t<dt class='gallery-icon landscape'>\n\t\t\t\t<a href='https:\/\/duplakovacs.hu\/?attachment_id=1261'><img loading=\"lazy\" decoding=\"async\" width=\"150\" height=\"150\" src=\"https:\/\/duplakovacs.hu\/wp-content\/uploads\/2013\/10\/IMG_0082-150x150.jpg\" class=\"attachment-thumbnail size-thumbnail\" alt=\"\" aria-describedby=\"gallery-1-1261\" srcset=\"https:\/\/duplakovacs.hu\/wp-content\/uploads\/2013\/10\/IMG_0082-150x150.jpg 150w, https:\/\/duplakovacs.hu\/wp-content\/uploads\/2013\/10\/IMG_0082-213x213.jpg 213w, https:\/\/duplakovacs.hu\/wp-content\/uploads\/2013\/10\/IMG_0082-212x213.jpg 212w, https:\/\/duplakovacs.hu\/wp-content\/uploads\/2013\/10\/IMG_0082-184x184.jpg 184w\" sizes=\"auto, (max-width: 150px) 100vw, 150px\" \/><\/a>\n\t\t\t<\/dt>\n\t\t\t\t<dd class='wp-caption-text gallery-caption' id='gallery-1-1261'>\n\t\t\t\tKer\u00edt\u00e9s a kiskapu fel\u0151l\n\t\t\t\t<\/dd><\/dl><dl class='gallery-item'>\n\t\t\t<dt class='gallery-icon landscape'>\n\t\t\t\t<a href='https:\/\/duplakovacs.hu\/?attachment_id=1257'><img loading=\"lazy\" decoding=\"async\" width=\"150\" height=\"150\" src=\"https:\/\/duplakovacs.hu\/wp-content\/uploads\/2013\/10\/IMAG06071-150x150.jpg\" class=\"attachment-thumbnail size-thumbnail\" alt=\"\" aria-describedby=\"gallery-1-1257\" srcset=\"https:\/\/duplakovacs.hu\/wp-content\/uploads\/2013\/10\/IMAG06071-150x150.jpg 150w, https:\/\/duplakovacs.hu\/wp-content\/uploads\/2013\/10\/IMAG06071-213x213.jpg 213w, https:\/\/duplakovacs.hu\/wp-content\/uploads\/2013\/10\/IMAG06071-212x213.jpg 212w, https:\/\/duplakovacs.hu\/wp-content\/uploads\/2013\/10\/IMAG06071-184x184.jpg 184w\" sizes=\"auto, (max-width: 150px) 100vw, 150px\" \/><\/a>\n\t\t\t<\/dt>\n\t\t\t\t<dd class='wp-caption-text gallery-caption' id='gallery-1-1257'>\n\t\t\t\tKerit\u00e9s kiskapuval\n\t\t\t\t<\/dd><\/dl><br style=\"clear: both\" \/><dl class='gallery-item'>\n\t\t\t<dt class='gallery-icon portrait'>\n\t\t\t\t<a href='https:\/\/duplakovacs.hu\/?attachment_id=1262'><img loading=\"lazy\" decoding=\"async\" width=\"150\" height=\"150\" src=\"https:\/\/duplakovacs.hu\/wp-content\/uploads\/2013\/10\/IMAG0610_BURST0201-150x150.jpg\" class=\"attachment-thumbnail size-thumbnail\" alt=\"\" aria-describedby=\"gallery-1-1262\" srcset=\"https:\/\/duplakovacs.hu\/wp-content\/uploads\/2013\/10\/IMAG0610_BURST0201-150x150.jpg 150w, https:\/\/duplakovacs.hu\/wp-content\/uploads\/2013\/10\/IMAG0610_BURST0201-213x213.jpg 213w, https:\/\/duplakovacs.hu\/wp-content\/uploads\/2013\/10\/IMAG0610_BURST0201-212x213.jpg 212w, https:\/\/duplakovacs.hu\/wp-content\/uploads\/2013\/10\/IMAG0610_BURST0201-184x184.jpg 184w\" sizes=\"auto, (max-width: 150px) 100vw, 150px\" \/><\/a>\n\t\t\t<\/dt>\n\t\t\t\t<dd class='wp-caption-text gallery-caption' id='gallery-1-1262'>\n\t\t\t\tSarok r\u00e9szlet\n\t\t\t\t<\/dd><\/dl><dl class='gallery-item'>\n\t\t\t<dt class='gallery-icon portrait'>\n\t\t\t\t<a href='https:\/\/duplakovacs.hu\/?attachment_id=984'><img loading=\"lazy\" decoding=\"async\" width=\"150\" height=\"150\" src=\"https:\/\/duplakovacs.hu\/wp-content\/uploads\/2013\/11\/IMAG0611-150x150.jpg\" class=\"attachment-thumbnail size-thumbnail\" alt=\"Ker\u00edt\u00e9s r\u00e9sz Szervitat\u00e9r\" aria-describedby=\"gallery-1-984\" srcset=\"https:\/\/duplakovacs.hu\/wp-content\/uploads\/2013\/11\/IMAG0611-150x150.jpg 150w, https:\/\/duplakovacs.hu\/wp-content\/uploads\/2013\/11\/IMAG0611-213x213.jpg 213w, https:\/\/duplakovacs.hu\/wp-content\/uploads\/2013\/11\/IMAG0611-212x213.jpg 212w, https:\/\/duplakovacs.hu\/wp-content\/uploads\/2013\/11\/IMAG0611-184x184.jpg 184w\" sizes=\"auto, (max-width: 150px) 100vw, 150px\" \/><\/a>\n\t\t\t<\/dt>\n\t\t\t\t<dd class='wp-caption-text gallery-caption' id='gallery-1-984'>\n\t\t\t\tker\u00edt\u00e9s befordul\u00e1sa a templomhoz\n\t\t\t\t<\/dd><\/dl><dl class='gallery-item'>\n\t\t\t<dt class='gallery-icon landscape'>\n\t\t\t\t<a href='https:\/\/duplakovacs.hu\/?attachment_id=848'><img loading=\"lazy\" decoding=\"async\" width=\"150\" height=\"150\" src=\"https:\/\/duplakovacs.hu\/wp-content\/uploads\/2013\/10\/IMAG0605_BURST002_COVER-150x150.jpg\" class=\"attachment-thumbnail size-thumbnail\" alt=\"\" aria-describedby=\"gallery-1-848\" srcset=\"https:\/\/duplakovacs.hu\/wp-content\/uploads\/2013\/10\/IMAG0605_BURST002_COVER-150x150.jpg 150w, https:\/\/duplakovacs.hu\/wp-content\/uploads\/2013\/10\/IMAG0605_BURST002_COVER-213x213.jpg 213w, https:\/\/duplakovacs.hu\/wp-content\/uploads\/2013\/10\/IMAG0605_BURST002_COVER-608x608.jpg 608w, https:\/\/duplakovacs.hu\/wp-content\/uploads\/2013\/10\/IMAG0605_BURST002_COVER-212x213.jpg 212w, https:\/\/duplakovacs.hu\/wp-content\/uploads\/2013\/10\/IMAG0605_BURST002_COVER-184x184.jpg 184w\" sizes=\"auto, (max-width: 150px) 100vw, 150px\" \/><\/a>\n\t\t\t<\/dt>\n\t\t\t\t<dd class='wp-caption-text gallery-caption' id='gallery-1-848'>\n\t\t\t\tMint\u00e1zat k\u00f6zelr\u0151l\n\t\t\t\t<\/dd><\/dl><br style=\"clear: both\" \/>\n\t\t<\/div>\n<\/p>\n<p style=\"text-align: justify;\">\n","protected":false},"excerpt":{"rendered":"<p>Nagy kih\u00edv\u00e1s volt munka, mert kellett megfelelni anyagi, korh\u0171s\u00e9g \u00e9s az ar\u00e1nyoss\u00e1g vonatkoz\u00e1sban.\u00a0A mai Szervita t\u00e9r d\u00e9li oldal\u00e1n a f\u0151v\u00e1ros t\u00f6r\u00f6kt\u0151l val\u00f3 felszabad\u00edt\u00e1sa ut\u00e1n, 1689-ben telepedett meg a szervita rend, akik a n\u00e9gy pesti mecset legnagyobbik\u00e1t, a B\u00fcj\u00fck-dzs\u00e1mit kezdik haszn\u00e1lni. A rend 1717-ben kezdte \u00faj templom\u00e1nak, 1725-ben kolostor\u00e1nak \u00e9p\u00edt\u00e9s\u00e9t. 1726-ban megvett\u00e9k Liegler P\u00e9ter kov\u00e1csmestert\u0151l a [&hellip;]<\/p>\n","protected":false},"author":2,"featured_media":1137,"comment_status":"open","ping_status":"open","sticky":false,"template":"","format":"standard","meta":{"footnotes":""},"categories":[2,3],"tags":[58],"class_list":["post-815","post","type-post","status-publish","format-standard","has-post-thumbnail","hentry","category-blog","category-featured","tag-kiemelt-munkak"],"_links":{"self":[{"href":"https:\/\/duplakovacs.hu\/index.php?rest_route=\/wp\/v2\/posts\/815","targetHints":{"allow":["GET"]}}],"collection":[{"href":"https:\/\/duplakovacs.hu\/index.php?rest_route=\/wp\/v2\/posts"}],"about":[{"href":"https:\/\/duplakovacs.hu\/index.php?rest_route=\/wp\/v2\/types\/post"}],"author":[{"embeddable":true,"href":"https:\/\/duplakovacs.hu\/index.php?rest_route=\/wp\/v2\/users\/2"}],"replies":[{"embeddable":true,"href":"https:\/\/duplakovacs.hu\/index.php?rest_route=%2Fwp%2Fv2%2Fcomments&post=815"}],"version-history":[{"count":11,"href":"https:\/\/duplakovacs.hu\/index.php?rest_route=\/wp\/v2\/posts\/815\/revisions"}],"predecessor-version":[{"id":1497,"href":"https:\/\/duplakovacs.hu\/index.php?rest_route=\/wp\/v2\/posts\/815\/revisions\/1497"}],"wp:featuredmedia":[{"embeddable":true,"href":"https:\/\/duplakovacs.hu\/index.php?rest_route=\/wp\/v2\/media\/1137"}],"wp:attachment":[{"href":"https:\/\/duplakovacs.hu\/index.php?rest_route=%2Fwp%2Fv2%2Fmedia&parent=815"}],"wp:term":[{"taxonomy":"category","embeddable":true,"href":"https:\/\/duplakovacs.hu\/index.php?rest_route=%2Fwp%2Fv2%2Fcategories&post=815"},{"taxonomy":"post_tag","embeddable":true,"href":"https:\/\/duplakovacs.hu\/index.php?rest_route=%2Fwp%2Fv2%2Ftags&post=815"}],"curies":[{"name":"wp","href":"https:\/\/api.w.org\/{rel}","templated":true}]}}