{"id":217,"date":"2010-08-15T08:15:56","date_gmt":"2010-08-15T08:15:56","guid":{"rendered":"http:\/\/elegantthemes.com\/preview\/DeepFocus\/?p=217"},"modified":"2022-08-07T09:45:40","modified_gmt":"2022-08-07T09:45:40","slug":"hip-young-woman","status":"publish","type":"post","link":"https:\/\/duplakovacs.hu\/?p=217","title":{"rendered":"ef Z\u00e1mb\u00f3 Istv\u00e1n vassz\u00e9kei"},"content":{"rendered":"<p style=\"text-align: justify;\"><span style=\"color: #000000;\">ef Z\u00e1mb\u00f3 Istv\u00e1n fest\u0151m\u0171v\u00e9sz tervezte vassz\u00e9kek.\u00a0A M\u0171v\u00e9sz \u00dar lak\u00e1s terasz\u00e1r\u00f3l kil\u00e1t\u00e1s a Szentendrei\u00a0templomtornyokra, \u00e9s h\u00e1zakra .\u00a0A v\u00e9d\u0151korl\u00e1t szint\u00e9n a \u00f6 tervez\u00e9se, c\u00e9g\u00fcnk kivitelez\u00e9s\u00e9ben.ef Z\u00e1mb\u00f3 Istv\u00e1n &#8211;\u00a0\u00c1lomi Rem\u00e9nyf\u0171z\u0151 Int\u00e9zet Sorskutat\u00f3ja\u00a01950 janu\u00e1r 3-\u00e1n sz\u00fcletett Magyarorsz\u00e1gon, Salg\u00f3tarj\u00e1nban. Autodidakta k\u00e9pz\u0151m\u0171v\u00e9sz, m\u00e1s m\u0171fajokban is k\u00eds\u00e9rletez\u0151 alkot\u00f3 (szobr\u00e1szat, grafika, zene, performance, film, multim\u00e9dia).<\/span><\/p>\n<p style=\"text-align: justify;\"><span style=\"color: #000000;\"><!--more-->Magyarorsz\u00e1g egyik legh\u00edresebb m\u0171v\u00e9szeti t\u00e1rsas\u00e1g\u00e1nak a Vajda Lajos Studi\u00f3nak, \u00e9s a hazai alternat\u00edv rock zene kultikus zenekar\u00e1nak, a Bizotts\u00e1g Egy\u00fcttesnek is alap\u00edt\u00f3ja. 1976 \u00f3ta a M\u0171v\u00e9szeti Alap \u00e9s a K\u00e9pz\u0151m\u0171v\u00e9szek Sz\u00f6vets\u00e9g\u00e9nek tagja.<\/span><br \/>\n<span style=\"color: #000000;\"> M\u0171vei megtal\u00e1lhat\u00f3k mag\u00e1n \u00e9s k\u00f6zgy\u0171jtem\u00e9nyekben, k\u00fcl- \u00e9s belf\u00f6ld\u00f6n. \/Magyar Nemzeti Gal\u00e9ria, Ludwig gy\u0171jtem\u00e9ny Aachen (N\u00e9metorsz\u00e1g), Vasteros Konst Halle (Sv\u00e9dorsz\u00e1g), N\u00fcnberg Stadt Muze\u00fam Grafikai Gy\u0171jtem\u00e9ny Szentendrei Ferenczi M\u00fazeum, Sz\u00e9kesfeh\u00e9rv\u00e1r Istv\u00e1n Kir\u00e1ly M\u00fazeum, Kaposv\u00e1r Rippl-R\u00f3nai M\u00fazeum stb. (Forr\u00e1s: efzambo.hu)<\/span><\/p>\n\n\t\t<style type=\"text\/css\">\n\t\t\t#gallery-1 {\n\t\t\t\tmargin: auto;\n\t\t\t}\n\t\t\t#gallery-1 .gallery-item {\n\t\t\t\tfloat: left;\n\t\t\t\tmargin-top: 10px;\n\t\t\t\ttext-align: center;\n\t\t\t\twidth: 33%;\n\t\t\t}\n\t\t\t#gallery-1 img {\n\t\t\t\tborder: 2px solid #cfcfcf;\n\t\t\t}\n\t\t\t#gallery-1 .gallery-caption {\n\t\t\t\tmargin-left: 0;\n\t\t\t}\n\t\t\t\/* see gallery_shortcode() in wp-includes\/media.php *\/\n\t\t<\/style>\n\t\t<div id='gallery-1' class='gallery galleryid-217 gallery-columns-3 gallery-size-large'><dl class='gallery-item'>\n\t\t\t<dt class='gallery-icon portrait'>\n\t\t\t\t<a href='https:\/\/duplakovacs.hu\/?attachment_id=1395'><img loading=\"lazy\" decoding=\"async\" width=\"189\" height=\"267\" src=\"https:\/\/duplakovacs.hu\/wp-content\/uploads\/2013\/12\/ef-Z-1.jpg\" class=\"attachment-large size-large\" alt=\"\" \/><\/a>\n\t\t\t<\/dt><\/dl><dl class='gallery-item'>\n\t\t\t<dt class='gallery-icon portrait'>\n\t\t\t\t<a href='https:\/\/duplakovacs.hu\/?attachment_id=1394'><img loading=\"lazy\" decoding=\"async\" width=\"179\" height=\"281\" src=\"https:\/\/duplakovacs.hu\/wp-content\/uploads\/2013\/12\/ef-Z-2.jpg\" class=\"attachment-large size-large\" alt=\"\" \/><\/a>\n\t\t\t<\/dt><\/dl><dl class='gallery-item'>\n\t\t\t<dt class='gallery-icon landscape'>\n\t\t\t\t<a href='https:\/\/duplakovacs.hu\/?attachment_id=1391'><img loading=\"lazy\" decoding=\"async\" width=\"271\" height=\"186\" src=\"https:\/\/duplakovacs.hu\/wp-content\/uploads\/2013\/12\/ef-Z\u00e1mb\u00f3-Istv\u00e1n.jpg\" class=\"attachment-large size-large\" alt=\"\" \/><\/a>\n\t\t\t<\/dt><\/dl><br style=\"clear: both\" \/>\n\t\t<\/div>\n\n<p style=\"text-align: justify;\"><a href=\"https:\/\/duplakovacs.hu\/wp-content\/uploads\/2013\/11\/Ocs-500-x335-1024x685_keret.jpg\"><img loading=\"lazy\" decoding=\"async\" class=\"alignnone wp-image-1132\" src=\"https:\/\/duplakovacs.hu\/wp-content\/uploads\/2013\/11\/Ocs-500-x335-1024x685_keret.jpg\" alt=\"ef Z\u00e1mb\u00f3 vassz\u00e9kei\" width=\"632\" height=\"429\" srcset=\"https:\/\/duplakovacs.hu\/wp-content\/uploads\/2013\/11\/Ocs-500-x335-1024x685_keret.jpg 1054w, https:\/\/duplakovacs.hu\/wp-content\/uploads\/2013\/11\/Ocs-500-x335-1024x685_keret-300x203.jpg 300w, https:\/\/duplakovacs.hu\/wp-content\/uploads\/2013\/11\/Ocs-500-x335-1024x685_keret-1024x694.jpg 1024w, https:\/\/duplakovacs.hu\/wp-content\/uploads\/2013\/11\/Ocs-500-x335-1024x685_keret-140x94.jpg 140w\" sizes=\"auto, (max-width: 632px) 100vw, 632px\" \/><\/a><\/p>\n","protected":false},"excerpt":{"rendered":"<p>ef Z\u00e1mb\u00f3 Istv\u00e1n fest\u0151m\u0171v\u00e9sz tervezte vassz\u00e9kek.\u00a0A M\u0171v\u00e9sz \u00dar lak\u00e1s terasz\u00e1r\u00f3l kil\u00e1t\u00e1s a Szentendrei\u00a0templomtornyokra, \u00e9s h\u00e1zakra .\u00a0A v\u00e9d\u0151korl\u00e1t szint\u00e9n a \u00f6 tervez\u00e9se, c\u00e9g\u00fcnk kivitelez\u00e9s\u00e9ben.ef Z\u00e1mb\u00f3 Istv\u00e1n &#8211;\u00a0\u00c1lomi Rem\u00e9nyf\u0171z\u0151 Int\u00e9zet Sorskutat\u00f3ja\u00a01950 janu\u00e1r 3-\u00e1n sz\u00fcletett Magyarorsz\u00e1gon, Salg\u00f3tarj\u00e1nban. Autodidakta k\u00e9pz\u0151m\u0171v\u00e9sz, m\u00e1s m\u0171fajokban is k\u00eds\u00e9rletez\u0151 alkot\u00f3 (szobr\u00e1szat, grafika, zene, performance, film, multim\u00e9dia).<\/p>\n","protected":false},"author":2,"featured_media":1753,"comment_status":"open","ping_status":"open","sticky":false,"template":"","format":"standard","meta":{"footnotes":""},"categories":[3,56,4],"tags":[53,54],"class_list":["post-217","post","type-post","status-publish","format-standard","has-post-thumbnail","hentry","category-featured","category-muveszekkel-alkotott-munkak","category-portfolio","tag-ef-zambo","tag-kulonlegesseg"],"_links":{"self":[{"href":"https:\/\/duplakovacs.hu\/index.php?rest_route=\/wp\/v2\/posts\/217","targetHints":{"allow":["GET"]}}],"collection":[{"href":"https:\/\/duplakovacs.hu\/index.php?rest_route=\/wp\/v2\/posts"}],"about":[{"href":"https:\/\/duplakovacs.hu\/index.php?rest_route=\/wp\/v2\/types\/post"}],"author":[{"embeddable":true,"href":"https:\/\/duplakovacs.hu\/index.php?rest_route=\/wp\/v2\/users\/2"}],"replies":[{"embeddable":true,"href":"https:\/\/duplakovacs.hu\/index.php?rest_route=%2Fwp%2Fv2%2Fcomments&post=217"}],"version-history":[{"count":10,"href":"https:\/\/duplakovacs.hu\/index.php?rest_route=\/wp\/v2\/posts\/217\/revisions"}],"predecessor-version":[{"id":1752,"href":"https:\/\/duplakovacs.hu\/index.php?rest_route=\/wp\/v2\/posts\/217\/revisions\/1752"}],"wp:featuredmedia":[{"embeddable":true,"href":"https:\/\/duplakovacs.hu\/index.php?rest_route=\/wp\/v2\/media\/1753"}],"wp:attachment":[{"href":"https:\/\/duplakovacs.hu\/index.php?rest_route=%2Fwp%2Fv2%2Fmedia&parent=217"}],"wp:term":[{"taxonomy":"category","embeddable":true,"href":"https:\/\/duplakovacs.hu\/index.php?rest_route=%2Fwp%2Fv2%2Fcategories&post=217"},{"taxonomy":"post_tag","embeddable":true,"href":"https:\/\/duplakovacs.hu\/index.php?rest_route=%2Fwp%2Fv2%2Ftags&post=217"}],"curies":[{"name":"wp","href":"https:\/\/api.w.org\/{rel}","templated":true}]}}