{"id":1560,"date":"2014-02-17T06:56:44","date_gmt":"2014-02-17T06:56:44","guid":{"rendered":"https:\/\/duplakovacs.hu\/?p=1560"},"modified":"2022-08-07T01:29:24","modified_gmt":"2022-08-07T01:29:24","slug":"szentendrei-ferences-gimnazium-terelvalasztoja","status":"publish","type":"post","link":"https:\/\/duplakovacs.hu\/?p=1560","title":{"rendered":"Szentendrei Ferences Gimn\u00e1zium t\u00e9relv\u00e1laszt\u00f3ja."},"content":{"rendered":"<p>1950-ben v\u00e1ratlan fordulat \u00e9rte a magyarorsz\u00e1gi Ferences Rendet. A j\u00fanius 12-r\u0151l 13-\u00e1ra virrad\u00f3 \u00e9jszak\u00e1n <a title=\"Sikl\u00f3s\" href=\"http:\/\/hu.wikipedia.org\/wiki\/Sikl%C3%B3s\">Sikl\u00f3s<\/a>, <a title=\"M\u00e1riagy\u0171d\" href=\"http:\/\/hu.wikipedia.org\/wiki\/M%C3%A1riagy%C5%B1d\">M\u00e1riagy\u0171d<\/a>, <a title=\"P\u00e9cs\" href=\"http:\/\/hu.wikipedia.org\/wiki\/P%C3%A9cs\">P\u00e9cs<\/a>, <a title=\"Moh\u00e1cs\" href=\"http:\/\/hu.wikipedia.org\/wiki\/Moh%C3%A1cs\">Moh\u00e1cs<\/a>, <a title=\"Szeged\" href=\"http:\/\/hu.wikipedia.org\/wiki\/Szeged\">Szeged<\/a> <a title=\"Kolostor\" href=\"http:\/\/hu.wikipedia.org\/wiki\/Kolostor\">kolostorait<\/a> felriasztott\u00e1k a <a title=\"Bel\u00fcgyminiszt\u00e9rium\" href=\"http:\/\/hu.wikipedia.org\/wiki\/Bel%C3%BCgyminiszt%C3%A9rium\">Bel\u00fcgyminiszt\u00e9rium<\/a> emberei \u00e9s ponyv\u00e1s teheraut\u00f3kon <a class=\"new\" title=\"Intern\u00e1l\u00f3 t\u00e1bor (a lap nem l\u00e9tezik)\" href=\"http:\/\/hu.wikipedia.org\/w\/index.php?title=Intern%C3%A1l%C3%B3_t%C3%A1bor&amp;action=edit&amp;redlink=1\">intern\u00e1l\u00f3 t\u00e1borokba<\/a> sz\u00e1ll\u00edtott\u00e1k a <a title=\"Szerzetes\" href=\"http:\/\/hu.wikipedia.org\/wiki\/Szerzetes\">szerzeteseket<\/a>, azt\u00e1n a t\u00f6bbi kolostort is lefoglalt\u00e1k. H\u00e1rom f\u00e9rfi \u00e9s egy n\u0151i <a title=\"Szerzetesrend\" href=\"http:\/\/hu.wikipedia.org\/wiki\/Szerzetesrend\">szerzetesrend<\/a> maradhatott meg 70-re cs\u00f6kkentett l\u00e9tsz\u00e1mmal 2-2 gimn\u00e1zium ell\u00e1t\u00e1s\u00e1ra: a <a title=\"Benc\u00e9sek\" href=\"http:\/\/hu.wikipedia.org\/wiki\/Benc%C3%A9sek\">benc\u00e9sek<\/a>, a <a title=\"Piarist\u00e1k\" href=\"http:\/\/hu.wikipedia.org\/wiki\/Piarist%C3%A1k\">piarist\u00e1k<\/a>, a <a class=\"mw-redirect\" title=\"Ferencesek\" href=\"http:\/\/hu.wikipedia.org\/wiki\/Ferencesek\">ferencesek<\/a> \u00e9s a <a class=\"new\" title=\"Miasszonyunk Szegedi Iskolan\u0151v\u00e9rek (a lap nem l\u00e9tezik)\" href=\"http:\/\/hu.wikipedia.org\/w\/index.php?title=Miasszonyunk_Szegedi_Iskolan%C5%91v%C3%A9rek&amp;action=edit&amp;redlink=1\">Miasszonyunk Szegedi Iskolan\u0151v\u00e9rek<\/a>.<\/p>\n<p><!--more--><\/p>\n<p>A Ferences Rend k\u00e9t magyarorsz\u00e1gi tartom\u00e1nya k\u00f6z\u00fcl a kapisztr\u00e1nus provincia vezet\u0151i v\u00e1llalt\u00e1k a feladatot, de ott \u00e1lltak koldusk\u00e9nt, mivel tan\u00edt\u00e1ssal ebben a sz\u00e1zadban nem foglalkoztak, nem volt iskol\u00e1juk. Megkapt\u00e1k az addig a m\u00e1sik ferences rendtartom\u00e1ny, a mari\u00e1nusok \u00e1ltal fenntartott <a title=\"Temesv\u00e1ri Pelb\u00e1rt Ferences Gimn\u00e1zium\" href=\"http:\/\/hu.wikipedia.org\/wiki\/Temesv%C3%A1ri_Pelb%C3%A1rt_Ferences_Gimn%C3%A1zium\">esztergomi gimn\u00e1ziumot<\/a> \u00e9s m\u00e1siknak a szentendrei volt egyh\u00e1zk\u00f6zs\u00e9gi gimn\u00e1ziumot, mely egy rozzant \u00e9p\u00fcletben, a volt <a class=\"mw-redirect\" title=\"Csend\u0151r\" href=\"http:\/\/hu.wikipedia.org\/wiki\/Csend%C5%91r\">csend\u0151rlaktany\u00e1ban<\/a> m\u0171k\u00f6d\u00f6tt.<\/p>\n<p><span id=\"A_kezdetek\" class=\"mw-headline\">A kezdetek<\/span><\/p>\n<p><a title=\"1950\" href=\"http:\/\/hu.wikipedia.org\/wiki\/1950\">1950<\/a>-ben a rend dr. Nagy Konstantint b\u00edzta meg az igazgat\u00f3i teend\u0151k ell\u00e1t\u00e1s\u00e1val. Pedag\u00f3giai v\u00e9gzetts\u00e9ge nem, de jogi v\u00e9gzetts\u00e9ge volt, ez \u00e9s j\u00f3 diplom\u00e1ciai \u00e9rz\u00e9ke tett\u00e9k erre a posztra alkalmass\u00e1. A tan\u00e1ri kar &#8211; nem l\u00e9v\u00e9n ferences tan\u00e1r &#8211; a k\u00fcl\u00f6nb\u00f6z\u0151 szerzetesrendekb\u0151l \u00e1llt \u00f6ssze. <a title=\"1955\" href=\"http:\/\/hu.wikipedia.org\/wiki\/1955\">1955<\/a>-ben igazgat\u00f3v\u00e1lt\u00e1sra ker\u00fclt sor, P. Nagy Konstantin visszament lelkip\u00e1sztori szolg\u00e1latba, hely\u00e9re P. Sebesty\u00e9n Szaniszl\u00f3 ker\u00fclt, akinek 20 \u00e9ves igazgat\u00f3s\u00e1ga alatt meger\u0151s\u00f6d\u00f6tt \u00e9s fejl\u0151d\u00e9snek indult az int\u00e9zm\u00e9ny.<\/p>\n<p><a title=\"1954\" href=\"http:\/\/hu.wikipedia.org\/wiki\/1954\">1954<\/a>-ben be\u00e1lltak a tan\u00edt\u00e1sba a fiatal ferences tan\u00e1rok, akik 1950-t\u0151l 1954-ig megszerezt\u00e9k a tan\u00e1ri diplom\u00e1t: T\u00f6h\u00f6t\u00f6m, Vid, Gilbert, Elek \u00e9s Konr\u00e1d atya. Majd \u00e9venk\u00e9nt \u00fajra egy-egy tan\u00e1r: Gy\u00f6rgy, Fl\u00f3ri\u00e1n, \u00c1nyos, Ferenc atya. 1956-ban Odil\u00f3 atya sapka- \u00e9s kit\u0171z\u0151jelv\u00e9nyt tervezett: k\u00e9k mez\u0151ben <a title=\"Assisi Szent Ferenc\" href=\"http:\/\/hu.wikipedia.org\/wiki\/Assisi_Szent_Ferenc\">Szent Ferenc<\/a> tenyer\u00e9b\u0151l a Nap fel\u00e9 sz\u00e1ll\u00f3 pacsirta. M\u00e1ig is ez iskola jelv\u00e9nye.<\/p>\n<h3><span id=\"Az_.C3.A9p.C3.ADtkez.C3.A9sek\" class=\"mw-headline\">Az \u00e9p\u00edtkez\u00e9sek<\/span><\/h3>\n<p><a title=\"1963\" href=\"http:\/\/hu.wikipedia.org\/wiki\/1963\">1963<\/a>-ban V\u00e1radi B\u00e9la <a class=\"new\" title=\"Tartom\u00e1nyf\u0151n\u00f6k (a lap nem l\u00e9tezik)\" href=\"http:\/\/hu.wikipedia.org\/w\/index.php?title=Tartom%C3%A1nyf%C5%91n%C3%B6k&amp;action=edit&amp;redlink=1\">tartom\u00e1nyf\u0151n\u00f6k<\/a> meg tudta szerezni az <a title=\"\u00c1llami Egyh\u00e1z\u00fcgyi Hivatal\" href=\"http:\/\/hu.wikipedia.org\/wiki\/%C3%81llami_Egyh%C3%A1z%C3%BCgyi_Hivatal\">\u00c1llami Egyh\u00e1z\u00fcgyi Hivatal<\/a> (\u00c1EH) j\u00f3v\u00e1hagy\u00e1s\u00e1t egy tornaterem \u00e9s k\u00e9t tanterem \u00e9p\u00edt\u00e9s\u00e9re. A tervez\u0151 Dragonits Tam\u00e1s azonban a k\u00e9t tanterem f\u00f6l\u00e9 m\u00e9g k\u00e9t tantermet tervezett \u00e9s meg is \u00e9p\u00edtett\u00e9k, amit b\u00edrs\u00e1gol\u00e1ssal meg\u00fasztak. A k\u00f6vetkez\u0151 \u00e9vekben a r\u00e9gi \u00e9p\u00fclet fel\u00faj\u00edt\u00e1sa k\u00f6vetkezett. A 70-es \u00e9vekben \u00e1tmenetileg cs\u00f6kkent, majd \u00fajra n\u0151tt a jelentkez\u0151 di\u00e1kok sz\u00e1ma. <a title=\"1982\" href=\"http:\/\/hu.wikipedia.org\/wiki\/1982\">1982<\/a>-ben az igazgat\u00f3 P. Heged\u00fcs Kolos az \u00c1EH-n\u00e1l kitart\u00f3an kilincselve \u00fajabb \u00e9p\u00edt\u00e9si enged\u00e9lyt kapott. Ez alkalommal nagyszab\u00e1s\u00fa \u00e1t\u00e9p\u00edt\u00e9s \u00e9s b\u0151v\u00edt\u00e9s k\u00f6vetkezhetett, mely <a title=\"1990\" href=\"http:\/\/hu.wikipedia.org\/wiki\/1990\">1990<\/a>-ig tartott, \u00e9s melynek k\u00f6lts\u00e9geit k\u00fclf\u00f6ldi seg\u00e9lyekb\u0151l fedezt\u00e9k. Sok mesterember \u00e9s sok di\u00e1k seg\u00edtett ebben a munk\u00e1ban az \u00e9p\u00edt\u00e9s szervez\u00e9s\u00e9t \u00e9s ugyancsak sok fizikai munk\u00e1t v\u00e1llal\u00f3 \u00c1nyos aty\u00e1nak. <strong>Ekkor l\u00e9pt\u00fcnk be, az \u00c1nyos atya \u00e1ltal meg\u00e1lmodott \u00e9s a di\u00e1kokkal elk\u00e9sz\u00edtett naphimnusz nev\u0171 vil\u00e1g\u00edt\u00f3ablak, \u00e1talak\u00edt\u00e1sa (kisebb m\u00e9ret\u0171v\u00e9 alak\u00edt\u00e1sa) restaur\u00e1l\u00e1s\u00e1val, fest\u00e9s\u00e9vel, szines \u00fcvegek p\u00f3tl\u00e1s\u00e1val, mely az \u00e1thelyez\u00e9snek elengedhetetlen r\u00e9sze volt<span style=\"color: #000000;\"><br \/>\n<\/span><\/strong><\/p>\n\n\t\t<style type=\"text\/css\">\n\t\t\t#gallery-1 {\n\t\t\t\tmargin: auto;\n\t\t\t}\n\t\t\t#gallery-1 .gallery-item {\n\t\t\t\tfloat: left;\n\t\t\t\tmargin-top: 10px;\n\t\t\t\ttext-align: center;\n\t\t\t\twidth: 33%;\n\t\t\t}\n\t\t\t#gallery-1 img {\n\t\t\t\tborder: 2px solid #cfcfcf;\n\t\t\t}\n\t\t\t#gallery-1 .gallery-caption {\n\t\t\t\tmargin-left: 0;\n\t\t\t}\n\t\t\t\/* see gallery_shortcode() in wp-includes\/media.php *\/\n\t\t<\/style>\n\t\t<div id='gallery-1' class='gallery galleryid-1560 gallery-columns-3 gallery-size-thumbnail'><dl class='gallery-item'>\n\t\t\t<dt class='gallery-icon landscape'>\n\t\t\t\t<a href='https:\/\/duplakovacs.hu\/?attachment_id=1568'><img loading=\"lazy\" decoding=\"async\" width=\"150\" height=\"150\" src=\"https:\/\/duplakovacs.hu\/wp-content\/uploads\/2014\/02\/K\u00e1polna-150x150.jpg\" class=\"attachment-thumbnail size-thumbnail\" alt=\"\" aria-describedby=\"gallery-1-1568\" srcset=\"https:\/\/duplakovacs.hu\/wp-content\/uploads\/2014\/02\/K\u00e1polna-150x150.jpg 150w, https:\/\/duplakovacs.hu\/wp-content\/uploads\/2014\/02\/K\u00e1polna-213x213.jpg 213w, https:\/\/duplakovacs.hu\/wp-content\/uploads\/2014\/02\/K\u00e1polna-212x213.jpg 212w, https:\/\/duplakovacs.hu\/wp-content\/uploads\/2014\/02\/K\u00e1polna-184x184.jpg 184w\" sizes=\"auto, (max-width: 150px) 100vw, 150px\" \/><\/a>\n\t\t\t<\/dt>\n\t\t\t\t<dd class='wp-caption-text gallery-caption' id='gallery-1-1568'>\n\t\t\t\tA Gimn\u00e1zium k\u00e1poln\u00e1ja\n\t\t\t\t<\/dd><\/dl><dl class='gallery-item'>\n\t\t\t<dt class='gallery-icon landscape'>\n\t\t\t\t<a href='https:\/\/duplakovacs.hu\/?attachment_id=1572'><img loading=\"lazy\" decoding=\"async\" width=\"150\" height=\"148\" src=\"https:\/\/duplakovacs.hu\/wp-content\/uploads\/2014\/02\/Csernd\u0151rlaktanya-kapuja-150x148.jpg\" class=\"attachment-thumbnail size-thumbnail\" alt=\"\" aria-describedby=\"gallery-1-1572\" \/><\/a>\n\t\t\t<\/dt>\n\t\t\t\t<dd class='wp-caption-text gallery-caption' id='gallery-1-1572'>\n\t\t\t\tC send\u0151rlaktany kapuja\n\t\t\t\t<\/dd><\/dl><dl class='gallery-item'>\n\t\t\t<dt class='gallery-icon landscape'>\n\t\t\t\t<a href='https:\/\/duplakovacs.hu\/?attachment_id=1573'><img loading=\"lazy\" decoding=\"async\" width=\"150\" height=\"150\" src=\"https:\/\/duplakovacs.hu\/wp-content\/uploads\/2014\/02\/Latkep-150x150.jpg\" class=\"attachment-thumbnail size-thumbnail\" alt=\"\" aria-describedby=\"gallery-1-1573\" srcset=\"https:\/\/duplakovacs.hu\/wp-content\/uploads\/2014\/02\/Latkep-150x150.jpg 150w, https:\/\/duplakovacs.hu\/wp-content\/uploads\/2014\/02\/Latkep-213x213.jpg 213w, https:\/\/duplakovacs.hu\/wp-content\/uploads\/2014\/02\/Latkep-212x213.jpg 212w, https:\/\/duplakovacs.hu\/wp-content\/uploads\/2014\/02\/Latkep-184x184.jpg 184w\" sizes=\"auto, (max-width: 150px) 100vw, 150px\" \/><\/a>\n\t\t\t<\/dt>\n\t\t\t\t<dd class='wp-caption-text gallery-caption' id='gallery-1-1573'>\n\t\t\t\tL\u00e1ttk\u00e9p a Gimn\u00e1ziumra\n\t\t\t\t<\/dd><\/dl><br style=\"clear: both\" \/><dl class='gallery-item'>\n\t\t\t<dt class='gallery-icon landscape'>\n\t\t\t\t<a href='https:\/\/duplakovacs.hu\/?attachment_id=1584'><img loading=\"lazy\" decoding=\"async\" width=\"150\" height=\"150\" src=\"https:\/\/duplakovacs.hu\/wp-content\/uploads\/2010\/09\/IMG_0466-150x150.jpg\" class=\"attachment-thumbnail size-thumbnail\" alt=\"\" aria-describedby=\"gallery-1-1584\" srcset=\"https:\/\/duplakovacs.hu\/wp-content\/uploads\/2010\/09\/IMG_0466-150x150.jpg 150w, https:\/\/duplakovacs.hu\/wp-content\/uploads\/2010\/09\/IMG_0466-213x213.jpg 213w, https:\/\/duplakovacs.hu\/wp-content\/uploads\/2010\/09\/IMG_0466-212x213.jpg 212w, https:\/\/duplakovacs.hu\/wp-content\/uploads\/2010\/09\/IMG_0466-184x184.jpg 184w\" sizes=\"auto, (max-width: 150px) 100vw, 150px\" \/><\/a>\n\t\t\t<\/dt>\n\t\t\t\t<dd class='wp-caption-text gallery-caption' id='gallery-1-1584'>\n\t\t\t\tKorl\u00e1z \u00c1nyos Atya domborm\u0171veivel\n\t\t\t\t<\/dd><\/dl><dl class='gallery-item'>\n\t\t\t<dt class='gallery-icon landscape'>\n\t\t\t\t<a href='https:\/\/duplakovacs.hu\/?attachment_id=1726'><img loading=\"lazy\" decoding=\"async\" width=\"150\" height=\"150\" src=\"https:\/\/duplakovacs.hu\/wp-content\/uploads\/2014\/02\/Naphimnusz-e1392536328394_2X-150x150.jpg\" class=\"attachment-thumbnail size-thumbnail\" alt=\"\" \/><\/a>\n\t\t\t<\/dt><\/dl>\n\t\t\t<br style='clear: both' \/>\n\t\t<\/div>\n\n<p><img loading=\"lazy\" decoding=\"async\" class=\"alignnone  wp-image-1617\" src=\"https:\/\/duplakovacs.hu\/wp-content\/uploads\/2014\/02\/IMG_0504.jpg\" alt=\"IMG_0504\" width=\"250\" height=\"166\" srcset=\"https:\/\/duplakovacs.hu\/wp-content\/uploads\/2014\/02\/IMG_0504.jpg 786w, https:\/\/duplakovacs.hu\/wp-content\/uploads\/2014\/02\/IMG_0504-300x200.jpg 300w, https:\/\/duplakovacs.hu\/wp-content\/uploads\/2014\/02\/IMG_0504-207x136.jpg 207w, https:\/\/duplakovacs.hu\/wp-content\/uploads\/2014\/02\/IMG_0504-140x94.jpg 140w, https:\/\/duplakovacs.hu\/wp-content\/uploads\/2014\/02\/IMG_0504-430x283.jpg 430w\" sizes=\"auto, (max-width: 250px) 100vw, 250px\" \/><\/p>\n<p><img loading=\"lazy\" decoding=\"async\" class=\"alignnone  wp-image-1617 mce-clonedresizable\" style=\"left: 10px; top: 1101.43px; margin: 0px; width: 8px; height: 5px;\" contenteditable=\"false\" src=\"https:\/\/duplakovacs.hu\/wp-content\/uploads\/2014\/02\/IMG_0504.jpg\" alt=\"IMG_0504\" width=\"140\" height=\"93\" srcset=\"https:\/\/duplakovacs.hu\/wp-content\/uploads\/2014\/02\/IMG_0504.jpg 786w, https:\/\/duplakovacs.hu\/wp-content\/uploads\/2014\/02\/IMG_0504-300x200.jpg 300w, https:\/\/duplakovacs.hu\/wp-content\/uploads\/2014\/02\/IMG_0504-500x335.jpg 500w, https:\/\/duplakovacs.hu\/wp-content\/uploads\/2014\/02\/IMG_0504-207x136.jpg 207w, https:\/\/duplakovacs.hu\/wp-content\/uploads\/2014\/02\/IMG_0504-260x170.jpg 260w, https:\/\/duplakovacs.hu\/wp-content\/uploads\/2014\/02\/IMG_0504-140x94.jpg 140w, https:\/\/duplakovacs.hu\/wp-content\/uploads\/2014\/02\/IMG_0504-430x283.jpg 430w\" sizes=\"auto, (max-width: 140px) 100vw, 140px\" \/><\/p>\n","protected":false},"excerpt":{"rendered":"<p>1950-ben v\u00e1ratlan fordulat \u00e9rte a magyarorsz\u00e1gi Ferences Rendet. A j\u00fanius 12-r\u0151l 13-\u00e1ra virrad\u00f3 \u00e9jszak\u00e1n Sikl\u00f3s, M\u00e1riagy\u0171d, P\u00e9cs, Moh\u00e1cs, Szeged kolostorait felriasztott\u00e1k a Bel\u00fcgyminiszt\u00e9rium emberei \u00e9s ponyv\u00e1s teheraut\u00f3kon intern\u00e1l\u00f3 t\u00e1borokba sz\u00e1ll\u00edtott\u00e1k a szerzeteseket, azt\u00e1n a t\u00f6bbi kolostort is lefoglalt\u00e1k. H\u00e1rom f\u00e9rfi \u00e9s egy n\u0151i szerzetesrend maradhatott meg 70-re cs\u00f6kkentett l\u00e9tsz\u00e1mmal 2-2 gimn\u00e1zium ell\u00e1t\u00e1s\u00e1ra: a benc\u00e9sek, a [&hellip;]<\/p>\n","protected":false},"author":2,"featured_media":1749,"comment_status":"open","ping_status":"open","sticky":false,"template":"","format":"standard","meta":{"footnotes":""},"categories":[60,3],"tags":[],"class_list":["post-1560","post","type-post","status-publish","format-standard","has-post-thumbnail","hentry","category-biztonsagi-racsok","category-featured"],"_links":{"self":[{"href":"https:\/\/duplakovacs.hu\/index.php?rest_route=\/wp\/v2\/posts\/1560","targetHints":{"allow":["GET"]}}],"collection":[{"href":"https:\/\/duplakovacs.hu\/index.php?rest_route=\/wp\/v2\/posts"}],"about":[{"href":"https:\/\/duplakovacs.hu\/index.php?rest_route=\/wp\/v2\/types\/post"}],"author":[{"embeddable":true,"href":"https:\/\/duplakovacs.hu\/index.php?rest_route=\/wp\/v2\/users\/2"}],"replies":[{"embeddable":true,"href":"https:\/\/duplakovacs.hu\/index.php?rest_route=%2Fwp%2Fv2%2Fcomments&post=1560"}],"version-history":[{"count":10,"href":"https:\/\/duplakovacs.hu\/index.php?rest_route=\/wp\/v2\/posts\/1560\/revisions"}],"predecessor-version":[{"id":1748,"href":"https:\/\/duplakovacs.hu\/index.php?rest_route=\/wp\/v2\/posts\/1560\/revisions\/1748"}],"wp:featuredmedia":[{"embeddable":true,"href":"https:\/\/duplakovacs.hu\/index.php?rest_route=\/wp\/v2\/media\/1749"}],"wp:attachment":[{"href":"https:\/\/duplakovacs.hu\/index.php?rest_route=%2Fwp%2Fv2%2Fmedia&parent=1560"}],"wp:term":[{"taxonomy":"category","embeddable":true,"href":"https:\/\/duplakovacs.hu\/index.php?rest_route=%2Fwp%2Fv2%2Fcategories&post=1560"},{"taxonomy":"post_tag","embeddable":true,"href":"https:\/\/duplakovacs.hu\/index.php?rest_route=%2Fwp%2Fv2%2Ftags&post=1560"}],"curies":[{"name":"wp","href":"https:\/\/api.w.org\/{rel}","templated":true}]}}